{"id":283,"date":"2023-10-13T10:53:31","date_gmt":"2023-10-13T09:53:31","guid":{"rendered":"https:\/\/comitedesfetes-stdenisenval.fr\/?p=283"},"modified":"2023-10-13T10:59:07","modified_gmt":"2023-10-13T09:59:07","slug":"un-petit-resume-en-photos-de-la-fete-de-la-st-denis","status":"publish","type":"post","link":"https:\/\/comitedesfetes-stdenisenval.fr\/?p=283","title":{"rendered":"Un petit r\u00e9sum\u00e9 en photos de la F\u00eate de la St Denis"},"content":{"rendered":"\n<figure class=\"wp-block-image size-large\"><img decoding=\"async\" src=\"https:\/\/comitedesfetes-stdenisenval.fr\/wp-content\/uploads\/2023\/10\/IMG_9984-1024x711.jpg\" alt=\"\" class=\"wp-image-284\"\/><\/figure>\n\n\n\n<figure class=\"wp-block-image size-large\"><img decoding=\"async\" src=\"https:\/\/comitedesfetes-stdenisenval.fr\/wp-content\/uploads\/2023\/10\/IMG_20231008_110010-1-1024x509.jpg\" alt=\"\" class=\"wp-image-285\"\/><\/figure>\n\n\n\n<figure class=\"wp-block-image size-large\"><img decoding=\"async\" src=\"https:\/\/comitedesfetes-stdenisenval.fr\/wp-content\/uploads\/2023\/10\/IMG_20231008_105851-1-1024x495.jpg\" alt=\"\" class=\"wp-image-286\"\/><\/figure>\n\n\n\n<figure class=\"wp-block-image size-large\"><img decoding=\"async\" src=\"https:\/\/comitedesfetes-stdenisenval.fr\/wp-content\/uploads\/2023\/10\/IMG_9972-1-738x1024.jpg\" alt=\"\" class=\"wp-image-287\"\/><\/figure>\n\n\n\n<figure class=\"wp-block-image size-large\"><img decoding=\"async\" src=\"https:\/\/comitedesfetes-stdenisenval.fr\/wp-content\/uploads\/2023\/10\/IMG_20231008_143615-1-969x1024.jpg\" alt=\"\" class=\"wp-image-288\"\/><\/figure>\n\n\n\n<figure class=\"wp-block-image size-large\"><img decoding=\"async\" src=\"https:\/\/comitedesfetes-stdenisenval.fr\/wp-content\/uploads\/2023\/10\/IMG_20231008_151356_edit_263504187055102-3-1024x654.jpg\" alt=\"\" class=\"wp-image-290\"\/><figcaption class=\"wp-element-caption\">sdr<\/figcaption><\/figure>\n\n\n\n<figure class=\"wp-block-image size-large\"><img decoding=\"async\" src=\"https:\/\/comitedesfetes-stdenisenval.fr\/wp-content\/uploads\/2023\/10\/IMG_20231008_143600_edit_263466487490525-1024x578.jpg\" alt=\"\" class=\"wp-image-291\"\/><figcaption class=\"wp-element-caption\">sdr<\/figcaption><\/figure>\n\n\n\n<figure class=\"wp-block-image size-large\"><img decoding=\"async\" src=\"https:\/\/comitedesfetes-stdenisenval.fr\/wp-content\/uploads\/2023\/10\/IMG_20231008_151514_edit_263561350812385-1-761x1024.jpg\" alt=\"\" class=\"wp-image-293\"\/><figcaption class=\"wp-element-caption\">oznorMB<\/figcaption><\/figure>\n\n\n\n<figure class=\"wp-block-image size-large\"><img decoding=\"async\" src=\"https:\/\/comitedesfetes-stdenisenval.fr\/wp-content\/uploads\/2023\/10\/IMG_20231008_090504_edit_263433605190009-3-1024x548.jpg\" alt=\"\" class=\"wp-image-294\"\/><figcaption class=\"wp-element-caption\">sdr<\/figcaption><\/figure>\n\n\n\n<figure class=\"wp-block-image size-large\"><img decoding=\"async\" src=\"https:\/\/comitedesfetes-stdenisenval.fr\/wp-content\/uploads\/2023\/10\/IMG_20231008_090447_edit_263445688068653-2-784x1024.jpg\" alt=\"\" class=\"wp-image-295\"\/><figcaption class=\"wp-element-caption\">dav<\/figcaption><\/figure>\n","protected":false},"excerpt":{"rendered":"","protected":false},"author":3,"featured_media":0,"comment_status":"closed","ping_status":"closed","sticky":false,"template":"","format":"standard","meta":{"footnotes":""},"categories":[3],"tags":[],"class_list":["post-283","post","type-post","status-publish","format-standard","hentry","category-actualites"],"yoast_head":"<!-- This site is optimized with the Yoast SEO plugin v22.7 - https:\/\/yoast.com\/wordpress\/plugins\/seo\/ -->\n<title>Un petit r\u00e9sum\u00e9 en photos de la F\u00eate de la St Denis - Comit\u00e9 des f\u00eates de Saint-Denis en Val<\/title>\n<meta name=\"robots\" content=\"index, follow, max-snippet:-1, max-image-preview:large, max-video-preview:-1\" \/>\n<link rel=\"canonical\" href=\"https:\/\/comitedesfetes-stdenisenval.fr\/?p=283\" \/>\n<meta property=\"og:locale\" content=\"fr_FR\" \/>\n<meta property=\"og:type\" content=\"article\" \/>\n<meta property=\"og:title\" content=\"Un petit r\u00e9sum\u00e9 en photos de la F\u00eate de la St Denis - Comit\u00e9 des f\u00eates de Saint-Denis en Val\" \/>\n<meta property=\"og:url\" content=\"https:\/\/comitedesfetes-stdenisenval.fr\/?p=283\" \/>\n<meta property=\"og:site_name\" content=\"Comit\u00e9 des f\u00eates de Saint-Denis en Val\" \/>\n<meta property=\"article:published_time\" content=\"2023-10-13T09:53:31+00:00\" \/>\n<meta property=\"article:modified_time\" content=\"2023-10-13T09:59:07+00:00\" \/>\n<meta property=\"og:image\" content=\"https:\/\/comitedesfetes-stdenisenval.fr\/wp-content\/uploads\/2023\/10\/IMG_9984-1024x711.jpg\" \/>\n<meta name=\"author\" content=\"Jean-Marie Tripot\" \/>\n<meta name=\"twitter:card\" content=\"summary_large_image\" \/>\n<meta name=\"twitter:label1\" content=\"\u00c9crit par\" \/>\n\t<meta name=\"twitter:data1\" content=\"Jean-Marie Tripot\" \/>\n\t<meta name=\"twitter:label2\" content=\"Dur\u00e9e de lecture estim\u00e9e\" \/>\n\t<meta name=\"twitter:data2\" content=\"3 minutes\" \/>\n<script type=\"application\/ld+json\" class=\"yoast-schema-graph\">{\"@context\":\"https:\/\/schema.org\",\"@graph\":[{\"@type\":\"Article\",\"@id\":\"https:\/\/comitedesfetes-stdenisenval.fr\/?p=283#article\",\"isPartOf\":{\"@id\":\"https:\/\/comitedesfetes-stdenisenval.fr\/?p=283\"},\"author\":{\"name\":\"Jean-Marie Tripot\",\"@id\":\"https:\/\/comitedesfetes-stdenisenval.fr\/#\/schema\/person\/7f9af41cfff10c53562fec0ca872ce5b\"},\"headline\":\"Un petit r\u00e9sum\u00e9 en photos de la F\u00eate de la St Denis\",\"datePublished\":\"2023-10-13T09:53:31+00:00\",\"dateModified\":\"2023-10-13T09:59:07+00:00\",\"mainEntityOfPage\":{\"@id\":\"https:\/\/comitedesfetes-stdenisenval.fr\/?p=283\"},\"wordCount\":19,\"publisher\":{\"@id\":\"https:\/\/comitedesfetes-stdenisenval.fr\/#organization\"},\"image\":{\"@id\":\"https:\/\/comitedesfetes-stdenisenval.fr\/?p=283#primaryimage\"},\"thumbnailUrl\":\"https:\/\/comitedesfetes-stdenisenval.fr\/wp-content\/uploads\/2023\/10\/IMG_9984-1024x711.jpg\",\"articleSection\":[\"actualit\u00e9s\"],\"inLanguage\":\"fr-FR\"},{\"@type\":\"WebPage\",\"@id\":\"https:\/\/comitedesfetes-stdenisenval.fr\/?p=283\",\"url\":\"https:\/\/comitedesfetes-stdenisenval.fr\/?p=283\",\"name\":\"Un petit r\u00e9sum\u00e9 en photos de la F\u00eate de la St Denis - Comit\u00e9 des f\u00eates de Saint-Denis en Val\",\"isPartOf\":{\"@id\":\"https:\/\/comitedesfetes-stdenisenval.fr\/#website\"},\"primaryImageOfPage\":{\"@id\":\"https:\/\/comitedesfetes-stdenisenval.fr\/?p=283#primaryimage\"},\"image\":{\"@id\":\"https:\/\/comitedesfetes-stdenisenval.fr\/?p=283#primaryimage\"},\"thumbnailUrl\":\"https:\/\/comitedesfetes-stdenisenval.fr\/wp-content\/uploads\/2023\/10\/IMG_9984-1024x711.jpg\",\"datePublished\":\"2023-10-13T09:53:31+00:00\",\"dateModified\":\"2023-10-13T09:59:07+00:00\",\"breadcrumb\":{\"@id\":\"https:\/\/comitedesfetes-stdenisenval.fr\/?p=283#breadcrumb\"},\"inLanguage\":\"fr-FR\",\"potentialAction\":[{\"@type\":\"ReadAction\",\"target\":[\"https:\/\/comitedesfetes-stdenisenval.fr\/?p=283\"]}]},{\"@type\":\"ImageObject\",\"inLanguage\":\"fr-FR\",\"@id\":\"https:\/\/comitedesfetes-stdenisenval.fr\/?p=283#primaryimage\",\"url\":\"\",\"contentUrl\":\"\"},{\"@type\":\"BreadcrumbList\",\"@id\":\"https:\/\/comitedesfetes-stdenisenval.fr\/?p=283#breadcrumb\",\"itemListElement\":[{\"@type\":\"ListItem\",\"position\":1,\"name\":\"Accueil\",\"item\":\"https:\/\/comitedesfetes-stdenisenval.fr\/\"},{\"@type\":\"ListItem\",\"position\":2,\"name\":\"Un petit r\u00e9sum\u00e9 en photos de la F\u00eate de la St Denis\"}]},{\"@type\":\"WebSite\",\"@id\":\"https:\/\/comitedesfetes-stdenisenval.fr\/#website\",\"url\":\"https:\/\/comitedesfetes-stdenisenval.fr\/\",\"name\":\"Comit\u00e9 des f\u00eates de Saint-Denis en Val\",\"description\":\"\",\"publisher\":{\"@id\":\"https:\/\/comitedesfetes-stdenisenval.fr\/#organization\"},\"potentialAction\":[{\"@type\":\"SearchAction\",\"target\":{\"@type\":\"EntryPoint\",\"urlTemplate\":\"https:\/\/comitedesfetes-stdenisenval.fr\/?s={search_term_string}\"},\"query-input\":\"required name=search_term_string\"}],\"inLanguage\":\"fr-FR\"},{\"@type\":\"Organization\",\"@id\":\"https:\/\/comitedesfetes-stdenisenval.fr\/#organization\",\"name\":\"Comit\u00e9 des f\u00eates de Saint-Denis en Val\",\"url\":\"https:\/\/comitedesfetes-stdenisenval.fr\/\",\"logo\":{\"@type\":\"ImageObject\",\"inLanguage\":\"fr-FR\",\"@id\":\"https:\/\/comitedesfetes-stdenisenval.fr\/#\/schema\/logo\/image\/\",\"url\":\"https:\/\/comitedesfetes-stdenisenval.fr\/wp-content\/uploads\/2023\/03\/cropped-cropped-logo_cdf_stdenis.jpg\",\"contentUrl\":\"https:\/\/comitedesfetes-stdenisenval.fr\/wp-content\/uploads\/2023\/03\/cropped-cropped-logo_cdf_stdenis.jpg\",\"width\":390,\"height\":384,\"caption\":\"Comit\u00e9 des f\u00eates de Saint-Denis en Val\"},\"image\":{\"@id\":\"https:\/\/comitedesfetes-stdenisenval.fr\/#\/schema\/logo\/image\/\"}},{\"@type\":\"Person\",\"@id\":\"https:\/\/comitedesfetes-stdenisenval.fr\/#\/schema\/person\/7f9af41cfff10c53562fec0ca872ce5b\",\"name\":\"Jean-Marie Tripot\",\"image\":{\"@type\":\"ImageObject\",\"inLanguage\":\"fr-FR\",\"@id\":\"https:\/\/comitedesfetes-stdenisenval.fr\/#\/schema\/person\/image\/\",\"url\":\"https:\/\/secure.gravatar.com\/avatar\/397dc1e8a09b082b18e8623e95dc397044313bdf0774f0c1cabb6568db43f0ce?s=96&d=mm&r=g\",\"contentUrl\":\"https:\/\/secure.gravatar.com\/avatar\/397dc1e8a09b082b18e8623e95dc397044313bdf0774f0c1cabb6568db43f0ce?s=96&d=mm&r=g\",\"caption\":\"Jean-Marie Tripot\"},\"url\":\"https:\/\/comitedesfetes-stdenisenval.fr\/?author=3\"}]}<\/script>\n<!-- \/ Yoast SEO plugin. -->","yoast_head_json":{"title":"Un petit r\u00e9sum\u00e9 en photos de la F\u00eate de la St Denis - Comit\u00e9 des f\u00eates de Saint-Denis en Val","robots":{"index":"index","follow":"follow","max-snippet":"max-snippet:-1","max-image-preview":"max-image-preview:large","max-video-preview":"max-video-preview:-1"},"canonical":"https:\/\/comitedesfetes-stdenisenval.fr\/?p=283","og_locale":"fr_FR","og_type":"article","og_title":"Un petit r\u00e9sum\u00e9 en photos de la F\u00eate de la St Denis - Comit\u00e9 des f\u00eates de Saint-Denis en Val","og_url":"https:\/\/comitedesfetes-stdenisenval.fr\/?p=283","og_site_name":"Comit\u00e9 des f\u00eates de Saint-Denis en Val","article_published_time":"2023-10-13T09:53:31+00:00","article_modified_time":"2023-10-13T09:59:07+00:00","og_image":[{"url":"https:\/\/comitedesfetes-stdenisenval.fr\/wp-content\/uploads\/2023\/10\/IMG_9984-1024x711.jpg"}],"author":"Jean-Marie Tripot","twitter_card":"summary_large_image","twitter_misc":{"\u00c9crit par":"Jean-Marie Tripot","Dur\u00e9e de lecture estim\u00e9e":"3 minutes"},"schema":{"@context":"https:\/\/schema.org","@graph":[{"@type":"Article","@id":"https:\/\/comitedesfetes-stdenisenval.fr\/?p=283#article","isPartOf":{"@id":"https:\/\/comitedesfetes-stdenisenval.fr\/?p=283"},"author":{"name":"Jean-Marie Tripot","@id":"https:\/\/comitedesfetes-stdenisenval.fr\/#\/schema\/person\/7f9af41cfff10c53562fec0ca872ce5b"},"headline":"Un petit r\u00e9sum\u00e9 en photos de la F\u00eate de la St Denis","datePublished":"2023-10-13T09:53:31+00:00","dateModified":"2023-10-13T09:59:07+00:00","mainEntityOfPage":{"@id":"https:\/\/comitedesfetes-stdenisenval.fr\/?p=283"},"wordCount":19,"publisher":{"@id":"https:\/\/comitedesfetes-stdenisenval.fr\/#organization"},"image":{"@id":"https:\/\/comitedesfetes-stdenisenval.fr\/?p=283#primaryimage"},"thumbnailUrl":"https:\/\/comitedesfetes-stdenisenval.fr\/wp-content\/uploads\/2023\/10\/IMG_9984-1024x711.jpg","articleSection":["actualit\u00e9s"],"inLanguage":"fr-FR"},{"@type":"WebPage","@id":"https:\/\/comitedesfetes-stdenisenval.fr\/?p=283","url":"https:\/\/comitedesfetes-stdenisenval.fr\/?p=283","name":"Un petit r\u00e9sum\u00e9 en photos de la F\u00eate de la St Denis - Comit\u00e9 des f\u00eates de Saint-Denis en Val","isPartOf":{"@id":"https:\/\/comitedesfetes-stdenisenval.fr\/#website"},"primaryImageOfPage":{"@id":"https:\/\/comitedesfetes-stdenisenval.fr\/?p=283#primaryimage"},"image":{"@id":"https:\/\/comitedesfetes-stdenisenval.fr\/?p=283#primaryimage"},"thumbnailUrl":"https:\/\/comitedesfetes-stdenisenval.fr\/wp-content\/uploads\/2023\/10\/IMG_9984-1024x711.jpg","datePublished":"2023-10-13T09:53:31+00:00","dateModified":"2023-10-13T09:59:07+00:00","breadcrumb":{"@id":"https:\/\/comitedesfetes-stdenisenval.fr\/?p=283#breadcrumb"},"inLanguage":"fr-FR","potentialAction":[{"@type":"ReadAction","target":["https:\/\/comitedesfetes-stdenisenval.fr\/?p=283"]}]},{"@type":"ImageObject","inLanguage":"fr-FR","@id":"https:\/\/comitedesfetes-stdenisenval.fr\/?p=283#primaryimage","url":"","contentUrl":""},{"@type":"BreadcrumbList","@id":"https:\/\/comitedesfetes-stdenisenval.fr\/?p=283#breadcrumb","itemListElement":[{"@type":"ListItem","position":1,"name":"Accueil","item":"https:\/\/comitedesfetes-stdenisenval.fr\/"},{"@type":"ListItem","position":2,"name":"Un petit r\u00e9sum\u00e9 en photos de la F\u00eate de la St Denis"}]},{"@type":"WebSite","@id":"https:\/\/comitedesfetes-stdenisenval.fr\/#website","url":"https:\/\/comitedesfetes-stdenisenval.fr\/","name":"Comit\u00e9 des f\u00eates de Saint-Denis en Val","description":"","publisher":{"@id":"https:\/\/comitedesfetes-stdenisenval.fr\/#organization"},"potentialAction":[{"@type":"SearchAction","target":{"@type":"EntryPoint","urlTemplate":"https:\/\/comitedesfetes-stdenisenval.fr\/?s={search_term_string}"},"query-input":"required name=search_term_string"}],"inLanguage":"fr-FR"},{"@type":"Organization","@id":"https:\/\/comitedesfetes-stdenisenval.fr\/#organization","name":"Comit\u00e9 des f\u00eates de Saint-Denis en Val","url":"https:\/\/comitedesfetes-stdenisenval.fr\/","logo":{"@type":"ImageObject","inLanguage":"fr-FR","@id":"https:\/\/comitedesfetes-stdenisenval.fr\/#\/schema\/logo\/image\/","url":"https:\/\/comitedesfetes-stdenisenval.fr\/wp-content\/uploads\/2023\/03\/cropped-cropped-logo_cdf_stdenis.jpg","contentUrl":"https:\/\/comitedesfetes-stdenisenval.fr\/wp-content\/uploads\/2023\/03\/cropped-cropped-logo_cdf_stdenis.jpg","width":390,"height":384,"caption":"Comit\u00e9 des f\u00eates de Saint-Denis en Val"},"image":{"@id":"https:\/\/comitedesfetes-stdenisenval.fr\/#\/schema\/logo\/image\/"}},{"@type":"Person","@id":"https:\/\/comitedesfetes-stdenisenval.fr\/#\/schema\/person\/7f9af41cfff10c53562fec0ca872ce5b","name":"Jean-Marie Tripot","image":{"@type":"ImageObject","inLanguage":"fr-FR","@id":"https:\/\/comitedesfetes-stdenisenval.fr\/#\/schema\/person\/image\/","url":"https:\/\/secure.gravatar.com\/avatar\/397dc1e8a09b082b18e8623e95dc397044313bdf0774f0c1cabb6568db43f0ce?s=96&d=mm&r=g","contentUrl":"https:\/\/secure.gravatar.com\/avatar\/397dc1e8a09b082b18e8623e95dc397044313bdf0774f0c1cabb6568db43f0ce?s=96&d=mm&r=g","caption":"Jean-Marie Tripot"},"url":"https:\/\/comitedesfetes-stdenisenval.fr\/?author=3"}]}},"_links":{"self":[{"href":"https:\/\/comitedesfetes-stdenisenval.fr\/index.php?rest_route=\/wp\/v2\/posts\/283","targetHints":{"allow":["GET"]}}],"collection":[{"href":"https:\/\/comitedesfetes-stdenisenval.fr\/index.php?rest_route=\/wp\/v2\/posts"}],"about":[{"href":"https:\/\/comitedesfetes-stdenisenval.fr\/index.php?rest_route=\/wp\/v2\/types\/post"}],"author":[{"embeddable":true,"href":"https:\/\/comitedesfetes-stdenisenval.fr\/index.php?rest_route=\/wp\/v2\/users\/3"}],"replies":[{"embeddable":true,"href":"https:\/\/comitedesfetes-stdenisenval.fr\/index.php?rest_route=%2Fwp%2Fv2%2Fcomments&post=283"}],"version-history":[{"count":1,"href":"https:\/\/comitedesfetes-stdenisenval.fr\/index.php?rest_route=\/wp\/v2\/posts\/283\/revisions"}],"predecessor-version":[{"id":296,"href":"https:\/\/comitedesfetes-stdenisenval.fr\/index.php?rest_route=\/wp\/v2\/posts\/283\/revisions\/296"}],"wp:attachment":[{"href":"https:\/\/comitedesfetes-stdenisenval.fr\/index.php?rest_route=%2Fwp%2Fv2%2Fmedia&parent=283"}],"wp:term":[{"taxonomy":"category","embeddable":true,"href":"https:\/\/comitedesfetes-stdenisenval.fr\/index.php?rest_route=%2Fwp%2Fv2%2Fcategories&post=283"},{"taxonomy":"post_tag","embeddable":true,"href":"https:\/\/comitedesfetes-stdenisenval.fr\/index.php?rest_route=%2Fwp%2Fv2%2Ftags&post=283"}],"curies":[{"name":"wp","href":"https:\/\/api.w.org\/{rel}","templated":true}]}}