{"id":323,"date":"2024-03-16T16:24:37","date_gmt":"2024-03-16T15:24:37","guid":{"rendered":"https:\/\/comitedesfetes-stdenisenval.fr\/?p=323"},"modified":"2024-03-16T16:49:10","modified_gmt":"2024-03-16T15:49:10","slug":"programme-du-printemps","status":"publish","type":"post","link":"https:\/\/comitedesfetes-stdenisenval.fr\/?p=323","title":{"rendered":"Programme du printemps"},"content":{"rendered":"\n<p class=\"wp-block-paragraph\"><strong>&gt;&gt;&gt;&gt;<em style=\"font-weight: bold;\">V<\/em><\/strong><em style=\"font-weight: bold;\">ide-grenier de CHAMPDOUX<\/em>, le dimanche 2 juin 2024 de 8h \u00e0 18h (Stade de foot de Champdoux derri\u00e8re l&rsquo;\u00e9cole).<\/p>\n\n\n\n<p class=\"wp-block-paragraph\"><strong>Inscriptions Grange de la Morpoix <\/strong>: Samedi 27\/04, 9h \u00e0 12h et 14h \u00e0 17h. Samedi 25\/05, 9h \u00e012h et 14h \u00e0 17h. Vendredi 17\/05 16h \u00e0 19h. <strong>Inscriptions march\u00e9 de St Denis<\/strong> : Dimanche 26\/05 10h \u00e012h.<\/p>\n\n\n\n<p class=\"wp-block-paragraph\">Ne tardez pas, 114 places disponibles&#8230;.T\u00e9l 06.76.79.30.49 ou Comitedesfetes45560@yahoo.com                     <\/p>\n\n\n\n<p class=\"wp-block-paragraph\">                                                                                                 <\/p>\n\n\n\n<p class=\"wp-block-paragraph\"><strong>&gt;&gt;&gt;&gt;<em>March\u00e9 nocturne \u00ab\u00a0gourmand\u00a0\u00bb<\/em><\/strong> le samedi 6 juillet 2024 de17h \u00e0 24h (place du 8 mai, derri\u00e8re l&rsquo;\u00e9glise). Avec structure gonflable, circuit kartings \u00e0 p\u00e9dale, pour les petits&#8230;&#8230;March\u00e9 gourmand, buvette, restauration, DJ Karaok\u00e9, animation musicale, danse, pour les plus grands &#8230;..et bien s\u00fbr, cr\u00e8pes pour tous les gourmands. D\u00e9tente et bonne humeur au rendez-vous, nous vous attendons nombreux !<\/p>\n\n\n\n<p class=\"wp-block-paragraph\"><\/p>\n","protected":false},"excerpt":{"rendered":"<p>&gt;&gt;&gt;&gt;Vide-grenier de CHAMPDOUX, le dimanche 2 juin 2024 de 8h \u00e0 18h (Stade de foot de Champdoux derri\u00e8re l&rsquo;\u00e9cole). Inscriptions Grange de la Morpoix : Samedi 27\/04, 9h \u00e0 12h et 14h \u00e0 17h. Samedi 25\/05, 9h \u00e012h et 14h \u00e0 17h. Vendredi 17\/05 16h \u00e0 19h. Inscriptions march\u00e9 de St Denis : Dimanche 26\/05 10h \u00e012h. Ne tardez pas, 114 places disponibles&#8230;.T\u00e9l 06.76.79.30.49 ou Comitedesfetes45560@yahoo.com &gt;&gt;&gt;&gt;March\u00e9 nocturne \u00ab\u00a0gourmand\u00a0\u00bb le samedi 6 juillet 2024 de17h \u00e0 24h (place du 8 mai, derri\u00e8re l&rsquo;\u00e9glise). Avec structure gonflable, circuit kartings \u00e0 p\u00e9dale, pour les petits&#8230;&#8230;March\u00e9 gourmand, buvette, restauration, DJ Karaok\u00e9, animation musicale, danse, pour les plus grands &#8230;..et bien s\u00fbr, cr\u00e8pes pour tous les gourmands. D\u00e9tente et bonne humeur au rendez-vous, nous vous attendons nombreux !<\/p>\n","protected":false},"author":3,"featured_media":0,"comment_status":"closed","ping_status":"closed","sticky":false,"template":"","format":"standard","meta":{"footnotes":""},"categories":[4],"tags":[],"class_list":["post-323","post","type-post","status-publish","format-standard","hentry","category-agenda"],"yoast_head":"<!-- This site is optimized with the Yoast SEO plugin v22.7 - https:\/\/yoast.com\/wordpress\/plugins\/seo\/ -->\n<title>Programme du printemps - Comit\u00e9 des f\u00eates de Saint-Denis en Val<\/title>\n<meta name=\"robots\" content=\"index, follow, max-snippet:-1, max-image-preview:large, max-video-preview:-1\" \/>\n<link rel=\"canonical\" href=\"https:\/\/comitedesfetes-stdenisenval.fr\/?p=323\" \/>\n<meta property=\"og:locale\" content=\"fr_FR\" \/>\n<meta property=\"og:type\" content=\"article\" \/>\n<meta property=\"og:title\" content=\"Programme du printemps - Comit\u00e9 des f\u00eates de Saint-Denis en Val\" \/>\n<meta property=\"og:description\" content=\"&gt;&gt;&gt;&gt;Vide-grenier de CHAMPDOUX, le dimanche 2 juin 2024 de 8h \u00e0 18h (Stade de foot de Champdoux derri\u00e8re l&rsquo;\u00e9cole). Inscriptions Grange de la Morpoix : Samedi 27\/04, 9h \u00e0 12h et 14h \u00e0 17h. Samedi 25\/05, 9h \u00e012h et 14h \u00e0 17h. Vendredi 17\/05 16h \u00e0 19h. Inscriptions march\u00e9 de St Denis : Dimanche 26\/05 10h \u00e012h. Ne tardez pas, 114 places disponibles&#8230;.T\u00e9l 06.76.79.30.49 ou Comitedesfetes45560@yahoo.com &gt;&gt;&gt;&gt;March\u00e9 nocturne \u00ab\u00a0gourmand\u00a0\u00bb le samedi 6 juillet 2024 de17h \u00e0 24h (place du 8 mai, derri\u00e8re l&rsquo;\u00e9glise). Avec structure gonflable, circuit kartings \u00e0 p\u00e9dale, pour les petits&#8230;&#8230;March\u00e9 gourmand, buvette, restauration, DJ Karaok\u00e9, animation musicale, danse, pour les plus grands &#8230;..et bien s\u00fbr, cr\u00e8pes pour tous les gourmands. D\u00e9tente et bonne humeur au rendez-vous, nous vous attendons nombreux !\" \/>\n<meta property=\"og:url\" content=\"https:\/\/comitedesfetes-stdenisenval.fr\/?p=323\" \/>\n<meta property=\"og:site_name\" content=\"Comit\u00e9 des f\u00eates de Saint-Denis en Val\" \/>\n<meta property=\"article:published_time\" content=\"2024-03-16T15:24:37+00:00\" \/>\n<meta property=\"article:modified_time\" content=\"2024-03-16T15:49:10+00:00\" \/>\n<meta name=\"author\" content=\"Jean-Marie Tripot\" \/>\n<meta name=\"twitter:card\" content=\"summary_large_image\" \/>\n<meta name=\"twitter:label1\" content=\"\u00c9crit par\" \/>\n\t<meta name=\"twitter:data1\" content=\"Jean-Marie Tripot\" \/>\n\t<meta name=\"twitter:label2\" content=\"Dur\u00e9e de lecture estim\u00e9e\" \/>\n\t<meta name=\"twitter:data2\" content=\"1 minute\" \/>\n<script type=\"application\/ld+json\" class=\"yoast-schema-graph\">{\"@context\":\"https:\/\/schema.org\",\"@graph\":[{\"@type\":\"Article\",\"@id\":\"https:\/\/comitedesfetes-stdenisenval.fr\/?p=323#article\",\"isPartOf\":{\"@id\":\"https:\/\/comitedesfetes-stdenisenval.fr\/?p=323\"},\"author\":{\"name\":\"Jean-Marie Tripot\",\"@id\":\"https:\/\/comitedesfetes-stdenisenval.fr\/#\/schema\/person\/7f9af41cfff10c53562fec0ca872ce5b\"},\"headline\":\"Programme du printemps\",\"datePublished\":\"2024-03-16T15:24:37+00:00\",\"dateModified\":\"2024-03-16T15:49:10+00:00\",\"mainEntityOfPage\":{\"@id\":\"https:\/\/comitedesfetes-stdenisenval.fr\/?p=323\"},\"wordCount\":129,\"publisher\":{\"@id\":\"https:\/\/comitedesfetes-stdenisenval.fr\/#organization\"},\"articleSection\":[\"agenda\"],\"inLanguage\":\"fr-FR\"},{\"@type\":\"WebPage\",\"@id\":\"https:\/\/comitedesfetes-stdenisenval.fr\/?p=323\",\"url\":\"https:\/\/comitedesfetes-stdenisenval.fr\/?p=323\",\"name\":\"Programme du printemps - Comit\u00e9 des f\u00eates de Saint-Denis en Val\",\"isPartOf\":{\"@id\":\"https:\/\/comitedesfetes-stdenisenval.fr\/#website\"},\"datePublished\":\"2024-03-16T15:24:37+00:00\",\"dateModified\":\"2024-03-16T15:49:10+00:00\",\"breadcrumb\":{\"@id\":\"https:\/\/comitedesfetes-stdenisenval.fr\/?p=323#breadcrumb\"},\"inLanguage\":\"fr-FR\",\"potentialAction\":[{\"@type\":\"ReadAction\",\"target\":[\"https:\/\/comitedesfetes-stdenisenval.fr\/?p=323\"]}]},{\"@type\":\"BreadcrumbList\",\"@id\":\"https:\/\/comitedesfetes-stdenisenval.fr\/?p=323#breadcrumb\",\"itemListElement\":[{\"@type\":\"ListItem\",\"position\":1,\"name\":\"Accueil\",\"item\":\"https:\/\/comitedesfetes-stdenisenval.fr\/\"},{\"@type\":\"ListItem\",\"position\":2,\"name\":\"Programme du printemps\"}]},{\"@type\":\"WebSite\",\"@id\":\"https:\/\/comitedesfetes-stdenisenval.fr\/#website\",\"url\":\"https:\/\/comitedesfetes-stdenisenval.fr\/\",\"name\":\"Comit\u00e9 des f\u00eates de Saint-Denis en Val\",\"description\":\"\",\"publisher\":{\"@id\":\"https:\/\/comitedesfetes-stdenisenval.fr\/#organization\"},\"potentialAction\":[{\"@type\":\"SearchAction\",\"target\":{\"@type\":\"EntryPoint\",\"urlTemplate\":\"https:\/\/comitedesfetes-stdenisenval.fr\/?s={search_term_string}\"},\"query-input\":\"required name=search_term_string\"}],\"inLanguage\":\"fr-FR\"},{\"@type\":\"Organization\",\"@id\":\"https:\/\/comitedesfetes-stdenisenval.fr\/#organization\",\"name\":\"Comit\u00e9 des f\u00eates de Saint-Denis en Val\",\"url\":\"https:\/\/comitedesfetes-stdenisenval.fr\/\",\"logo\":{\"@type\":\"ImageObject\",\"inLanguage\":\"fr-FR\",\"@id\":\"https:\/\/comitedesfetes-stdenisenval.fr\/#\/schema\/logo\/image\/\",\"url\":\"https:\/\/comitedesfetes-stdenisenval.fr\/wp-content\/uploads\/2023\/03\/cropped-cropped-logo_cdf_stdenis.jpg\",\"contentUrl\":\"https:\/\/comitedesfetes-stdenisenval.fr\/wp-content\/uploads\/2023\/03\/cropped-cropped-logo_cdf_stdenis.jpg\",\"width\":390,\"height\":384,\"caption\":\"Comit\u00e9 des f\u00eates de Saint-Denis en Val\"},\"image\":{\"@id\":\"https:\/\/comitedesfetes-stdenisenval.fr\/#\/schema\/logo\/image\/\"}},{\"@type\":\"Person\",\"@id\":\"https:\/\/comitedesfetes-stdenisenval.fr\/#\/schema\/person\/7f9af41cfff10c53562fec0ca872ce5b\",\"name\":\"Jean-Marie Tripot\",\"image\":{\"@type\":\"ImageObject\",\"inLanguage\":\"fr-FR\",\"@id\":\"https:\/\/comitedesfetes-stdenisenval.fr\/#\/schema\/person\/image\/\",\"url\":\"https:\/\/secure.gravatar.com\/avatar\/397dc1e8a09b082b18e8623e95dc397044313bdf0774f0c1cabb6568db43f0ce?s=96&d=mm&r=g\",\"contentUrl\":\"https:\/\/secure.gravatar.com\/avatar\/397dc1e8a09b082b18e8623e95dc397044313bdf0774f0c1cabb6568db43f0ce?s=96&d=mm&r=g\",\"caption\":\"Jean-Marie Tripot\"},\"url\":\"https:\/\/comitedesfetes-stdenisenval.fr\/?author=3\"}]}<\/script>\n<!-- \/ Yoast SEO plugin. -->","yoast_head_json":{"title":"Programme du printemps - Comit\u00e9 des f\u00eates de Saint-Denis en Val","robots":{"index":"index","follow":"follow","max-snippet":"max-snippet:-1","max-image-preview":"max-image-preview:large","max-video-preview":"max-video-preview:-1"},"canonical":"https:\/\/comitedesfetes-stdenisenval.fr\/?p=323","og_locale":"fr_FR","og_type":"article","og_title":"Programme du printemps - Comit\u00e9 des f\u00eates de Saint-Denis en Val","og_description":"&gt;&gt;&gt;&gt;Vide-grenier de CHAMPDOUX, le dimanche 2 juin 2024 de 8h \u00e0 18h (Stade de foot de Champdoux derri\u00e8re l&rsquo;\u00e9cole). Inscriptions Grange de la Morpoix : Samedi 27\/04, 9h \u00e0 12h et 14h \u00e0 17h. Samedi 25\/05, 9h \u00e012h et 14h \u00e0 17h. Vendredi 17\/05 16h \u00e0 19h. Inscriptions march\u00e9 de St Denis : Dimanche 26\/05 10h \u00e012h. Ne tardez pas, 114 places disponibles&#8230;.T\u00e9l 06.76.79.30.49 ou Comitedesfetes45560@yahoo.com &gt;&gt;&gt;&gt;March\u00e9 nocturne \u00ab\u00a0gourmand\u00a0\u00bb le samedi 6 juillet 2024 de17h \u00e0 24h (place du 8 mai, derri\u00e8re l&rsquo;\u00e9glise). Avec structure gonflable, circuit kartings \u00e0 p\u00e9dale, pour les petits&#8230;&#8230;March\u00e9 gourmand, buvette, restauration, DJ Karaok\u00e9, animation musicale, danse, pour les plus grands &#8230;..et bien s\u00fbr, cr\u00e8pes pour tous les gourmands. D\u00e9tente et bonne humeur au rendez-vous, nous vous attendons nombreux !","og_url":"https:\/\/comitedesfetes-stdenisenval.fr\/?p=323","og_site_name":"Comit\u00e9 des f\u00eates de Saint-Denis en Val","article_published_time":"2024-03-16T15:24:37+00:00","article_modified_time":"2024-03-16T15:49:10+00:00","author":"Jean-Marie Tripot","twitter_card":"summary_large_image","twitter_misc":{"\u00c9crit par":"Jean-Marie Tripot","Dur\u00e9e de lecture estim\u00e9e":"1 minute"},"schema":{"@context":"https:\/\/schema.org","@graph":[{"@type":"Article","@id":"https:\/\/comitedesfetes-stdenisenval.fr\/?p=323#article","isPartOf":{"@id":"https:\/\/comitedesfetes-stdenisenval.fr\/?p=323"},"author":{"name":"Jean-Marie Tripot","@id":"https:\/\/comitedesfetes-stdenisenval.fr\/#\/schema\/person\/7f9af41cfff10c53562fec0ca872ce5b"},"headline":"Programme du printemps","datePublished":"2024-03-16T15:24:37+00:00","dateModified":"2024-03-16T15:49:10+00:00","mainEntityOfPage":{"@id":"https:\/\/comitedesfetes-stdenisenval.fr\/?p=323"},"wordCount":129,"publisher":{"@id":"https:\/\/comitedesfetes-stdenisenval.fr\/#organization"},"articleSection":["agenda"],"inLanguage":"fr-FR"},{"@type":"WebPage","@id":"https:\/\/comitedesfetes-stdenisenval.fr\/?p=323","url":"https:\/\/comitedesfetes-stdenisenval.fr\/?p=323","name":"Programme du printemps - Comit\u00e9 des f\u00eates de Saint-Denis en Val","isPartOf":{"@id":"https:\/\/comitedesfetes-stdenisenval.fr\/#website"},"datePublished":"2024-03-16T15:24:37+00:00","dateModified":"2024-03-16T15:49:10+00:00","breadcrumb":{"@id":"https:\/\/comitedesfetes-stdenisenval.fr\/?p=323#breadcrumb"},"inLanguage":"fr-FR","potentialAction":[{"@type":"ReadAction","target":["https:\/\/comitedesfetes-stdenisenval.fr\/?p=323"]}]},{"@type":"BreadcrumbList","@id":"https:\/\/comitedesfetes-stdenisenval.fr\/?p=323#breadcrumb","itemListElement":[{"@type":"ListItem","position":1,"name":"Accueil","item":"https:\/\/comitedesfetes-stdenisenval.fr\/"},{"@type":"ListItem","position":2,"name":"Programme du printemps"}]},{"@type":"WebSite","@id":"https:\/\/comitedesfetes-stdenisenval.fr\/#website","url":"https:\/\/comitedesfetes-stdenisenval.fr\/","name":"Comit\u00e9 des f\u00eates de Saint-Denis en Val","description":"","publisher":{"@id":"https:\/\/comitedesfetes-stdenisenval.fr\/#organization"},"potentialAction":[{"@type":"SearchAction","target":{"@type":"EntryPoint","urlTemplate":"https:\/\/comitedesfetes-stdenisenval.fr\/?s={search_term_string}"},"query-input":"required name=search_term_string"}],"inLanguage":"fr-FR"},{"@type":"Organization","@id":"https:\/\/comitedesfetes-stdenisenval.fr\/#organization","name":"Comit\u00e9 des f\u00eates de Saint-Denis en Val","url":"https:\/\/comitedesfetes-stdenisenval.fr\/","logo":{"@type":"ImageObject","inLanguage":"fr-FR","@id":"https:\/\/comitedesfetes-stdenisenval.fr\/#\/schema\/logo\/image\/","url":"https:\/\/comitedesfetes-stdenisenval.fr\/wp-content\/uploads\/2023\/03\/cropped-cropped-logo_cdf_stdenis.jpg","contentUrl":"https:\/\/comitedesfetes-stdenisenval.fr\/wp-content\/uploads\/2023\/03\/cropped-cropped-logo_cdf_stdenis.jpg","width":390,"height":384,"caption":"Comit\u00e9 des f\u00eates de Saint-Denis en Val"},"image":{"@id":"https:\/\/comitedesfetes-stdenisenval.fr\/#\/schema\/logo\/image\/"}},{"@type":"Person","@id":"https:\/\/comitedesfetes-stdenisenval.fr\/#\/schema\/person\/7f9af41cfff10c53562fec0ca872ce5b","name":"Jean-Marie Tripot","image":{"@type":"ImageObject","inLanguage":"fr-FR","@id":"https:\/\/comitedesfetes-stdenisenval.fr\/#\/schema\/person\/image\/","url":"https:\/\/secure.gravatar.com\/avatar\/397dc1e8a09b082b18e8623e95dc397044313bdf0774f0c1cabb6568db43f0ce?s=96&d=mm&r=g","contentUrl":"https:\/\/secure.gravatar.com\/avatar\/397dc1e8a09b082b18e8623e95dc397044313bdf0774f0c1cabb6568db43f0ce?s=96&d=mm&r=g","caption":"Jean-Marie Tripot"},"url":"https:\/\/comitedesfetes-stdenisenval.fr\/?author=3"}]}},"_links":{"self":[{"href":"https:\/\/comitedesfetes-stdenisenval.fr\/index.php?rest_route=\/wp\/v2\/posts\/323","targetHints":{"allow":["GET"]}}],"collection":[{"href":"https:\/\/comitedesfetes-stdenisenval.fr\/index.php?rest_route=\/wp\/v2\/posts"}],"about":[{"href":"https:\/\/comitedesfetes-stdenisenval.fr\/index.php?rest_route=\/wp\/v2\/types\/post"}],"author":[{"embeddable":true,"href":"https:\/\/comitedesfetes-stdenisenval.fr\/index.php?rest_route=\/wp\/v2\/users\/3"}],"replies":[{"embeddable":true,"href":"https:\/\/comitedesfetes-stdenisenval.fr\/index.php?rest_route=%2Fwp%2Fv2%2Fcomments&post=323"}],"version-history":[{"count":2,"href":"https:\/\/comitedesfetes-stdenisenval.fr\/index.php?rest_route=\/wp\/v2\/posts\/323\/revisions"}],"predecessor-version":[{"id":327,"href":"https:\/\/comitedesfetes-stdenisenval.fr\/index.php?rest_route=\/wp\/v2\/posts\/323\/revisions\/327"}],"wp:attachment":[{"href":"https:\/\/comitedesfetes-stdenisenval.fr\/index.php?rest_route=%2Fwp%2Fv2%2Fmedia&parent=323"}],"wp:term":[{"taxonomy":"category","embeddable":true,"href":"https:\/\/comitedesfetes-stdenisenval.fr\/index.php?rest_route=%2Fwp%2Fv2%2Fcategories&post=323"},{"taxonomy":"post_tag","embeddable":true,"href":"https:\/\/comitedesfetes-stdenisenval.fr\/index.php?rest_route=%2Fwp%2Fv2%2Ftags&post=323"}],"curies":[{"name":"wp","href":"https:\/\/api.w.org\/{rel}","templated":true}]}}