{"id":337,"date":"2024-04-17T08:33:37","date_gmt":"2024-04-17T07:33:37","guid":{"rendered":"https:\/\/comitedesfetes-stdenisenval.fr\/?p=337"},"modified":"2024-04-17T08:33:37","modified_gmt":"2024-04-17T07:33:37","slug":"vide-greniers-du-2-juin-2024","status":"publish","type":"post","link":"https:\/\/comitedesfetes-stdenisenval.fr\/?p=337","title":{"rendered":"VIDE-GRENIERS du 2 juin 2024."},"content":{"rendered":"\n<p class=\"wp-block-paragraph\">Organis\u00e9 par le COMITE DE FETES sur le terrain de l&rsquo;\u00e9cole de CHAMPDOUX.  Vous trouverez ci dessous le bulletin d&rsquo;inscription, le r\u00e8glement du vide greniers, ainsi que l&rsquo;affiche o\u00f9 figurent les informations essentielles.<\/p>\n\n\n\n<p class=\"wp-block-paragraph\">Le COMITE DES FETES vous attend nombreux, exposants et visiteurs ! Restauration et buvette sur place ! Bonne humeur et grand soleil sont attendus.<\/p>\n\n\n\n<figure class=\"wp-block-image size-large\"><img decoding=\"async\" src=\"https:\/\/comitedesfetes-stdenisenval.fr\/wp-content\/uploads\/2024\/04\/bulletin-inscription-745x1024.jpg\" alt=\"\" class=\"wp-image-338\"\/><\/figure>\n\n\n\n<figure class=\"wp-block-image size-large\"><img decoding=\"async\" src=\"https:\/\/comitedesfetes-stdenisenval.fr\/wp-content\/uploads\/2024\/04\/reglement-vide-greniers-745x1024.jpg\" alt=\"\" class=\"wp-image-339\"\/><\/figure>\n\n\n\n<figure class=\"wp-block-image size-large\"><img decoding=\"async\" src=\"https:\/\/comitedesfetes-stdenisenval.fr\/wp-content\/uploads\/2024\/04\/affiche-vide-greniers-745x1024.jpg\" alt=\"\" class=\"wp-image-340\"\/><\/figure>\n","protected":false},"excerpt":{"rendered":"<p>Organis\u00e9 par le COMITE DE FETES sur le terrain de l&rsquo;\u00e9cole de CHAMPDOUX. Vous trouverez ci dessous le bulletin d&rsquo;inscription, le r\u00e8glement du vide greniers, ainsi que l&rsquo;affiche o\u00f9 figurent les informations essentielles. Le COMITE DES FETES vous attend nombreux, exposants et visiteurs ! Restauration et buvette sur place ! Bonne humeur et grand soleil sont attendus.<\/p>\n","protected":false},"author":3,"featured_media":0,"comment_status":"closed","ping_status":"closed","sticky":false,"template":"","format":"standard","meta":{"footnotes":""},"categories":[1],"tags":[],"class_list":["post-337","post","type-post","status-publish","format-standard","hentry","category-uncategorized"],"yoast_head":"<!-- This site is optimized with the Yoast SEO plugin v22.7 - https:\/\/yoast.com\/wordpress\/plugins\/seo\/ -->\n<title>VIDE-GRENIERS du 2 juin 2024. - Comit\u00e9 des f\u00eates de Saint-Denis en Val<\/title>\n<meta name=\"robots\" content=\"index, follow, max-snippet:-1, max-image-preview:large, max-video-preview:-1\" \/>\n<link rel=\"canonical\" href=\"https:\/\/comitedesfetes-stdenisenval.fr\/?p=337\" \/>\n<meta property=\"og:locale\" content=\"fr_FR\" \/>\n<meta property=\"og:type\" content=\"article\" \/>\n<meta property=\"og:title\" content=\"VIDE-GRENIERS du 2 juin 2024. - Comit\u00e9 des f\u00eates de Saint-Denis en Val\" \/>\n<meta property=\"og:description\" content=\"Organis\u00e9 par le COMITE DE FETES sur le terrain de l&rsquo;\u00e9cole de CHAMPDOUX. Vous trouverez ci dessous le bulletin d&rsquo;inscription, le r\u00e8glement du vide greniers, ainsi que l&rsquo;affiche o\u00f9 figurent les informations essentielles. Le COMITE DES FETES vous attend nombreux, exposants et visiteurs ! Restauration et buvette sur place ! Bonne humeur et grand soleil sont attendus.\" \/>\n<meta property=\"og:url\" content=\"https:\/\/comitedesfetes-stdenisenval.fr\/?p=337\" \/>\n<meta property=\"og:site_name\" content=\"Comit\u00e9 des f\u00eates de Saint-Denis en Val\" \/>\n<meta property=\"article:published_time\" content=\"2024-04-17T07:33:37+00:00\" \/>\n<meta property=\"og:image\" content=\"https:\/\/comitedesfetes-stdenisenval.fr\/wp-content\/uploads\/2024\/04\/bulletin-inscription-745x1024.jpg\" \/>\n<meta name=\"author\" content=\"Jean-Marie Tripot\" \/>\n<meta name=\"twitter:card\" content=\"summary_large_image\" \/>\n<meta name=\"twitter:label1\" content=\"\u00c9crit par\" \/>\n\t<meta name=\"twitter:data1\" content=\"Jean-Marie Tripot\" \/>\n\t<meta name=\"twitter:label2\" content=\"Dur\u00e9e de lecture estim\u00e9e\" \/>\n\t<meta name=\"twitter:data2\" content=\"1 minute\" \/>\n<script type=\"application\/ld+json\" class=\"yoast-schema-graph\">{\"@context\":\"https:\/\/schema.org\",\"@graph\":[{\"@type\":\"Article\",\"@id\":\"https:\/\/comitedesfetes-stdenisenval.fr\/?p=337#article\",\"isPartOf\":{\"@id\":\"https:\/\/comitedesfetes-stdenisenval.fr\/?p=337\"},\"author\":{\"name\":\"Jean-Marie Tripot\",\"@id\":\"https:\/\/comitedesfetes-stdenisenval.fr\/#\/schema\/person\/7f9af41cfff10c53562fec0ca872ce5b\"},\"headline\":\"VIDE-GRENIERS du 2 juin 2024.\",\"datePublished\":\"2024-04-17T07:33:37+00:00\",\"dateModified\":\"2024-04-17T07:33:37+00:00\",\"mainEntityOfPage\":{\"@id\":\"https:\/\/comitedesfetes-stdenisenval.fr\/?p=337\"},\"wordCount\":62,\"publisher\":{\"@id\":\"https:\/\/comitedesfetes-stdenisenval.fr\/#organization\"},\"image\":{\"@id\":\"https:\/\/comitedesfetes-stdenisenval.fr\/?p=337#primaryimage\"},\"thumbnailUrl\":\"https:\/\/comitedesfetes-stdenisenval.fr\/wp-content\/uploads\/2024\/04\/bulletin-inscription-745x1024.jpg\",\"articleSection\":[\"Uncategorized\"],\"inLanguage\":\"fr-FR\"},{\"@type\":\"WebPage\",\"@id\":\"https:\/\/comitedesfetes-stdenisenval.fr\/?p=337\",\"url\":\"https:\/\/comitedesfetes-stdenisenval.fr\/?p=337\",\"name\":\"VIDE-GRENIERS du 2 juin 2024. - Comit\u00e9 des f\u00eates de Saint-Denis en Val\",\"isPartOf\":{\"@id\":\"https:\/\/comitedesfetes-stdenisenval.fr\/#website\"},\"primaryImageOfPage\":{\"@id\":\"https:\/\/comitedesfetes-stdenisenval.fr\/?p=337#primaryimage\"},\"image\":{\"@id\":\"https:\/\/comitedesfetes-stdenisenval.fr\/?p=337#primaryimage\"},\"thumbnailUrl\":\"https:\/\/comitedesfetes-stdenisenval.fr\/wp-content\/uploads\/2024\/04\/bulletin-inscription-745x1024.jpg\",\"datePublished\":\"2024-04-17T07:33:37+00:00\",\"dateModified\":\"2024-04-17T07:33:37+00:00\",\"breadcrumb\":{\"@id\":\"https:\/\/comitedesfetes-stdenisenval.fr\/?p=337#breadcrumb\"},\"inLanguage\":\"fr-FR\",\"potentialAction\":[{\"@type\":\"ReadAction\",\"target\":[\"https:\/\/comitedesfetes-stdenisenval.fr\/?p=337\"]}]},{\"@type\":\"ImageObject\",\"inLanguage\":\"fr-FR\",\"@id\":\"https:\/\/comitedesfetes-stdenisenval.fr\/?p=337#primaryimage\",\"url\":\"\",\"contentUrl\":\"\"},{\"@type\":\"BreadcrumbList\",\"@id\":\"https:\/\/comitedesfetes-stdenisenval.fr\/?p=337#breadcrumb\",\"itemListElement\":[{\"@type\":\"ListItem\",\"position\":1,\"name\":\"Accueil\",\"item\":\"https:\/\/comitedesfetes-stdenisenval.fr\/\"},{\"@type\":\"ListItem\",\"position\":2,\"name\":\"VIDE-GRENIERS du 2 juin 2024.\"}]},{\"@type\":\"WebSite\",\"@id\":\"https:\/\/comitedesfetes-stdenisenval.fr\/#website\",\"url\":\"https:\/\/comitedesfetes-stdenisenval.fr\/\",\"name\":\"Comit\u00e9 des f\u00eates de Saint-Denis en Val\",\"description\":\"\",\"publisher\":{\"@id\":\"https:\/\/comitedesfetes-stdenisenval.fr\/#organization\"},\"potentialAction\":[{\"@type\":\"SearchAction\",\"target\":{\"@type\":\"EntryPoint\",\"urlTemplate\":\"https:\/\/comitedesfetes-stdenisenval.fr\/?s={search_term_string}\"},\"query-input\":\"required name=search_term_string\"}],\"inLanguage\":\"fr-FR\"},{\"@type\":\"Organization\",\"@id\":\"https:\/\/comitedesfetes-stdenisenval.fr\/#organization\",\"name\":\"Comit\u00e9 des f\u00eates de Saint-Denis en Val\",\"url\":\"https:\/\/comitedesfetes-stdenisenval.fr\/\",\"logo\":{\"@type\":\"ImageObject\",\"inLanguage\":\"fr-FR\",\"@id\":\"https:\/\/comitedesfetes-stdenisenval.fr\/#\/schema\/logo\/image\/\",\"url\":\"https:\/\/comitedesfetes-stdenisenval.fr\/wp-content\/uploads\/2023\/03\/cropped-cropped-logo_cdf_stdenis.jpg\",\"contentUrl\":\"https:\/\/comitedesfetes-stdenisenval.fr\/wp-content\/uploads\/2023\/03\/cropped-cropped-logo_cdf_stdenis.jpg\",\"width\":390,\"height\":384,\"caption\":\"Comit\u00e9 des f\u00eates de Saint-Denis en Val\"},\"image\":{\"@id\":\"https:\/\/comitedesfetes-stdenisenval.fr\/#\/schema\/logo\/image\/\"}},{\"@type\":\"Person\",\"@id\":\"https:\/\/comitedesfetes-stdenisenval.fr\/#\/schema\/person\/7f9af41cfff10c53562fec0ca872ce5b\",\"name\":\"Jean-Marie Tripot\",\"image\":{\"@type\":\"ImageObject\",\"inLanguage\":\"fr-FR\",\"@id\":\"https:\/\/comitedesfetes-stdenisenval.fr\/#\/schema\/person\/image\/\",\"url\":\"https:\/\/secure.gravatar.com\/avatar\/397dc1e8a09b082b18e8623e95dc397044313bdf0774f0c1cabb6568db43f0ce?s=96&d=mm&r=g\",\"contentUrl\":\"https:\/\/secure.gravatar.com\/avatar\/397dc1e8a09b082b18e8623e95dc397044313bdf0774f0c1cabb6568db43f0ce?s=96&d=mm&r=g\",\"caption\":\"Jean-Marie Tripot\"},\"url\":\"https:\/\/comitedesfetes-stdenisenval.fr\/?author=3\"}]}<\/script>\n<!-- \/ Yoast SEO plugin. -->","yoast_head_json":{"title":"VIDE-GRENIERS du 2 juin 2024. - Comit\u00e9 des f\u00eates de Saint-Denis en Val","robots":{"index":"index","follow":"follow","max-snippet":"max-snippet:-1","max-image-preview":"max-image-preview:large","max-video-preview":"max-video-preview:-1"},"canonical":"https:\/\/comitedesfetes-stdenisenval.fr\/?p=337","og_locale":"fr_FR","og_type":"article","og_title":"VIDE-GRENIERS du 2 juin 2024. - Comit\u00e9 des f\u00eates de Saint-Denis en Val","og_description":"Organis\u00e9 par le COMITE DE FETES sur le terrain de l&rsquo;\u00e9cole de CHAMPDOUX. Vous trouverez ci dessous le bulletin d&rsquo;inscription, le r\u00e8glement du vide greniers, ainsi que l&rsquo;affiche o\u00f9 figurent les informations essentielles. Le COMITE DES FETES vous attend nombreux, exposants et visiteurs ! Restauration et buvette sur place ! Bonne humeur et grand soleil sont attendus.","og_url":"https:\/\/comitedesfetes-stdenisenval.fr\/?p=337","og_site_name":"Comit\u00e9 des f\u00eates de Saint-Denis en Val","article_published_time":"2024-04-17T07:33:37+00:00","og_image":[{"url":"https:\/\/comitedesfetes-stdenisenval.fr\/wp-content\/uploads\/2024\/04\/bulletin-inscription-745x1024.jpg"}],"author":"Jean-Marie Tripot","twitter_card":"summary_large_image","twitter_misc":{"\u00c9crit par":"Jean-Marie Tripot","Dur\u00e9e de lecture estim\u00e9e":"1 minute"},"schema":{"@context":"https:\/\/schema.org","@graph":[{"@type":"Article","@id":"https:\/\/comitedesfetes-stdenisenval.fr\/?p=337#article","isPartOf":{"@id":"https:\/\/comitedesfetes-stdenisenval.fr\/?p=337"},"author":{"name":"Jean-Marie Tripot","@id":"https:\/\/comitedesfetes-stdenisenval.fr\/#\/schema\/person\/7f9af41cfff10c53562fec0ca872ce5b"},"headline":"VIDE-GRENIERS du 2 juin 2024.","datePublished":"2024-04-17T07:33:37+00:00","dateModified":"2024-04-17T07:33:37+00:00","mainEntityOfPage":{"@id":"https:\/\/comitedesfetes-stdenisenval.fr\/?p=337"},"wordCount":62,"publisher":{"@id":"https:\/\/comitedesfetes-stdenisenval.fr\/#organization"},"image":{"@id":"https:\/\/comitedesfetes-stdenisenval.fr\/?p=337#primaryimage"},"thumbnailUrl":"https:\/\/comitedesfetes-stdenisenval.fr\/wp-content\/uploads\/2024\/04\/bulletin-inscription-745x1024.jpg","articleSection":["Uncategorized"],"inLanguage":"fr-FR"},{"@type":"WebPage","@id":"https:\/\/comitedesfetes-stdenisenval.fr\/?p=337","url":"https:\/\/comitedesfetes-stdenisenval.fr\/?p=337","name":"VIDE-GRENIERS du 2 juin 2024. - Comit\u00e9 des f\u00eates de Saint-Denis en Val","isPartOf":{"@id":"https:\/\/comitedesfetes-stdenisenval.fr\/#website"},"primaryImageOfPage":{"@id":"https:\/\/comitedesfetes-stdenisenval.fr\/?p=337#primaryimage"},"image":{"@id":"https:\/\/comitedesfetes-stdenisenval.fr\/?p=337#primaryimage"},"thumbnailUrl":"https:\/\/comitedesfetes-stdenisenval.fr\/wp-content\/uploads\/2024\/04\/bulletin-inscription-745x1024.jpg","datePublished":"2024-04-17T07:33:37+00:00","dateModified":"2024-04-17T07:33:37+00:00","breadcrumb":{"@id":"https:\/\/comitedesfetes-stdenisenval.fr\/?p=337#breadcrumb"},"inLanguage":"fr-FR","potentialAction":[{"@type":"ReadAction","target":["https:\/\/comitedesfetes-stdenisenval.fr\/?p=337"]}]},{"@type":"ImageObject","inLanguage":"fr-FR","@id":"https:\/\/comitedesfetes-stdenisenval.fr\/?p=337#primaryimage","url":"","contentUrl":""},{"@type":"BreadcrumbList","@id":"https:\/\/comitedesfetes-stdenisenval.fr\/?p=337#breadcrumb","itemListElement":[{"@type":"ListItem","position":1,"name":"Accueil","item":"https:\/\/comitedesfetes-stdenisenval.fr\/"},{"@type":"ListItem","position":2,"name":"VIDE-GRENIERS du 2 juin 2024."}]},{"@type":"WebSite","@id":"https:\/\/comitedesfetes-stdenisenval.fr\/#website","url":"https:\/\/comitedesfetes-stdenisenval.fr\/","name":"Comit\u00e9 des f\u00eates de Saint-Denis en Val","description":"","publisher":{"@id":"https:\/\/comitedesfetes-stdenisenval.fr\/#organization"},"potentialAction":[{"@type":"SearchAction","target":{"@type":"EntryPoint","urlTemplate":"https:\/\/comitedesfetes-stdenisenval.fr\/?s={search_term_string}"},"query-input":"required name=search_term_string"}],"inLanguage":"fr-FR"},{"@type":"Organization","@id":"https:\/\/comitedesfetes-stdenisenval.fr\/#organization","name":"Comit\u00e9 des f\u00eates de Saint-Denis en Val","url":"https:\/\/comitedesfetes-stdenisenval.fr\/","logo":{"@type":"ImageObject","inLanguage":"fr-FR","@id":"https:\/\/comitedesfetes-stdenisenval.fr\/#\/schema\/logo\/image\/","url":"https:\/\/comitedesfetes-stdenisenval.fr\/wp-content\/uploads\/2023\/03\/cropped-cropped-logo_cdf_stdenis.jpg","contentUrl":"https:\/\/comitedesfetes-stdenisenval.fr\/wp-content\/uploads\/2023\/03\/cropped-cropped-logo_cdf_stdenis.jpg","width":390,"height":384,"caption":"Comit\u00e9 des f\u00eates de Saint-Denis en Val"},"image":{"@id":"https:\/\/comitedesfetes-stdenisenval.fr\/#\/schema\/logo\/image\/"}},{"@type":"Person","@id":"https:\/\/comitedesfetes-stdenisenval.fr\/#\/schema\/person\/7f9af41cfff10c53562fec0ca872ce5b","name":"Jean-Marie Tripot","image":{"@type":"ImageObject","inLanguage":"fr-FR","@id":"https:\/\/comitedesfetes-stdenisenval.fr\/#\/schema\/person\/image\/","url":"https:\/\/secure.gravatar.com\/avatar\/397dc1e8a09b082b18e8623e95dc397044313bdf0774f0c1cabb6568db43f0ce?s=96&d=mm&r=g","contentUrl":"https:\/\/secure.gravatar.com\/avatar\/397dc1e8a09b082b18e8623e95dc397044313bdf0774f0c1cabb6568db43f0ce?s=96&d=mm&r=g","caption":"Jean-Marie Tripot"},"url":"https:\/\/comitedesfetes-stdenisenval.fr\/?author=3"}]}},"_links":{"self":[{"href":"https:\/\/comitedesfetes-stdenisenval.fr\/index.php?rest_route=\/wp\/v2\/posts\/337","targetHints":{"allow":["GET"]}}],"collection":[{"href":"https:\/\/comitedesfetes-stdenisenval.fr\/index.php?rest_route=\/wp\/v2\/posts"}],"about":[{"href":"https:\/\/comitedesfetes-stdenisenval.fr\/index.php?rest_route=\/wp\/v2\/types\/post"}],"author":[{"embeddable":true,"href":"https:\/\/comitedesfetes-stdenisenval.fr\/index.php?rest_route=\/wp\/v2\/users\/3"}],"replies":[{"embeddable":true,"href":"https:\/\/comitedesfetes-stdenisenval.fr\/index.php?rest_route=%2Fwp%2Fv2%2Fcomments&post=337"}],"version-history":[{"count":1,"href":"https:\/\/comitedesfetes-stdenisenval.fr\/index.php?rest_route=\/wp\/v2\/posts\/337\/revisions"}],"predecessor-version":[{"id":341,"href":"https:\/\/comitedesfetes-stdenisenval.fr\/index.php?rest_route=\/wp\/v2\/posts\/337\/revisions\/341"}],"wp:attachment":[{"href":"https:\/\/comitedesfetes-stdenisenval.fr\/index.php?rest_route=%2Fwp%2Fv2%2Fmedia&parent=337"}],"wp:term":[{"taxonomy":"category","embeddable":true,"href":"https:\/\/comitedesfetes-stdenisenval.fr\/index.php?rest_route=%2Fwp%2Fv2%2Fcategories&post=337"},{"taxonomy":"post_tag","embeddable":true,"href":"https:\/\/comitedesfetes-stdenisenval.fr\/index.php?rest_route=%2Fwp%2Fv2%2Ftags&post=337"}],"curies":[{"name":"wp","href":"https:\/\/api.w.org\/{rel}","templated":true}]}}