{"id":350,"date":"2024-08-29T09:59:04","date_gmt":"2024-08-29T08:59:04","guid":{"rendered":"https:\/\/comitedesfetes-stdenisenval.fr\/?p=350"},"modified":"2024-08-29T19:42:12","modified_gmt":"2024-08-29T18:42:12","slug":"fete-de-la-st-denis","status":"publish","type":"post","link":"https:\/\/comitedesfetes-stdenisenval.fr\/?p=350","title":{"rendered":"F\u00eate de la St Denis."},"content":{"rendered":"\n<p class=\"wp-block-paragraph\"><strong>Organisation du vide greniers <\/strong>: Le r\u00e8glement du vide grenier, ainsi que le bulletin d&rsquo;inscription se trouvent ci-dessous. (Cliquez sur le titre pour acc\u00e9der aux documents.)<\/p>\n\n\n\n<div class=\"wp-block-file\"><a id=\"wp-block-file--media-fbd82ea2-2da9-426f-8972-06f1c5230d20\" href=\"https:\/\/comitedesfetes-stdenisenval.fr\/wp-content\/uploads\/2024\/08\/Reglement-vide-grenier-06.10.24.docx\">R\u00e8glement vide-grenier 06.10.24<\/a><a href=\"https:\/\/comitedesfetes-stdenisenval.fr\/wp-content\/uploads\/2024\/08\/Reglement-vide-grenier-06.10.24.docx\" class=\"wp-block-file__button wp-element-button\" download aria-describedby=\"wp-block-file--media-fbd82ea2-2da9-426f-8972-06f1c5230d20\">T\u00e9l\u00e9charger<\/a><\/div>\n\n\n\n<div class=\"wp-block-file\"><a id=\"wp-block-file--media-151f7538-f4d9-4b76-a226-ae641c7d384a\" href=\"https:\/\/comitedesfetes-stdenisenval.fr\/wp-content\/uploads\/2024\/08\/bulletin-inscription.xlsx\">bulletin inscription<\/a><a href=\"https:\/\/comitedesfetes-stdenisenval.fr\/wp-content\/uploads\/2024\/08\/bulletin-inscription.xlsx\" class=\"wp-block-file__button wp-element-button\" download aria-describedby=\"wp-block-file--media-151f7538-f4d9-4b76-a226-ae641c7d384a\">T\u00e9l\u00e9charger<\/a><\/div>\n\n\n\n<p class=\"wp-block-paragraph\">Inscriptions aux permanences du Comit\u00e9 \u00e0 la grange, rue de la Morpoix, voir les dates et horaires sur le r\u00e8glement int\u00e9rieur.<\/p>\n","protected":false},"excerpt":{"rendered":"<p>Organisation du vide greniers : Le r\u00e8glement du vide grenier, ainsi que le bulletin d&rsquo;inscription se trouvent ci-dessous. (Cliquez sur le titre pour acc\u00e9der aux documents.) Inscriptions aux permanences du Comit\u00e9 \u00e0 la grange, rue de la Morpoix, voir les dates et horaires sur le r\u00e8glement int\u00e9rieur.<\/p>\n","protected":false},"author":3,"featured_media":0,"comment_status":"closed","ping_status":"closed","sticky":false,"template":"","format":"standard","meta":{"footnotes":""},"categories":[3,4],"tags":[],"class_list":["post-350","post","type-post","status-publish","format-standard","hentry","category-actualites","category-agenda"],"yoast_head":"<!-- This site is optimized with the Yoast SEO plugin v22.7 - https:\/\/yoast.com\/wordpress\/plugins\/seo\/ -->\n<title>F\u00eate de la St Denis. - Comit\u00e9 des f\u00eates de Saint-Denis en Val<\/title>\n<meta name=\"robots\" content=\"index, follow, max-snippet:-1, max-image-preview:large, max-video-preview:-1\" \/>\n<link rel=\"canonical\" href=\"https:\/\/comitedesfetes-stdenisenval.fr\/?p=350\" \/>\n<meta property=\"og:locale\" content=\"fr_FR\" \/>\n<meta property=\"og:type\" content=\"article\" \/>\n<meta property=\"og:title\" content=\"F\u00eate de la St Denis. - Comit\u00e9 des f\u00eates de Saint-Denis en Val\" \/>\n<meta property=\"og:description\" content=\"Organisation du vide greniers : Le r\u00e8glement du vide grenier, ainsi que le bulletin d&rsquo;inscription se trouvent ci-dessous. (Cliquez sur le titre pour acc\u00e9der aux documents.) Inscriptions aux permanences du Comit\u00e9 \u00e0 la grange, rue de la Morpoix, voir les dates et horaires sur le r\u00e8glement int\u00e9rieur.\" \/>\n<meta property=\"og:url\" content=\"https:\/\/comitedesfetes-stdenisenval.fr\/?p=350\" \/>\n<meta property=\"og:site_name\" content=\"Comit\u00e9 des f\u00eates de Saint-Denis en Val\" \/>\n<meta property=\"article:published_time\" content=\"2024-08-29T08:59:04+00:00\" \/>\n<meta property=\"article:modified_time\" content=\"2024-08-29T18:42:12+00:00\" \/>\n<meta name=\"author\" content=\"Jean-Marie Tripot\" \/>\n<meta name=\"twitter:card\" content=\"summary_large_image\" \/>\n<meta name=\"twitter:label1\" content=\"\u00c9crit par\" \/>\n\t<meta name=\"twitter:data1\" content=\"Jean-Marie Tripot\" \/>\n\t<meta name=\"twitter:label2\" content=\"Dur\u00e9e de lecture estim\u00e9e\" \/>\n\t<meta name=\"twitter:data2\" content=\"1 minute\" \/>\n<script type=\"application\/ld+json\" class=\"yoast-schema-graph\">{\"@context\":\"https:\/\/schema.org\",\"@graph\":[{\"@type\":\"Article\",\"@id\":\"https:\/\/comitedesfetes-stdenisenval.fr\/?p=350#article\",\"isPartOf\":{\"@id\":\"https:\/\/comitedesfetes-stdenisenval.fr\/?p=350\"},\"author\":{\"name\":\"Jean-Marie Tripot\",\"@id\":\"https:\/\/comitedesfetes-stdenisenval.fr\/#\/schema\/person\/7f9af41cfff10c53562fec0ca872ce5b\"},\"headline\":\"F\u00eate de la St Denis.\",\"datePublished\":\"2024-08-29T08:59:04+00:00\",\"dateModified\":\"2024-08-29T18:42:12+00:00\",\"mainEntityOfPage\":{\"@id\":\"https:\/\/comitedesfetes-stdenisenval.fr\/?p=350\"},\"wordCount\":67,\"publisher\":{\"@id\":\"https:\/\/comitedesfetes-stdenisenval.fr\/#organization\"},\"articleSection\":[\"actualit\u00e9s\",\"agenda\"],\"inLanguage\":\"fr-FR\"},{\"@type\":\"WebPage\",\"@id\":\"https:\/\/comitedesfetes-stdenisenval.fr\/?p=350\",\"url\":\"https:\/\/comitedesfetes-stdenisenval.fr\/?p=350\",\"name\":\"F\u00eate de la St Denis. - Comit\u00e9 des f\u00eates de Saint-Denis en Val\",\"isPartOf\":{\"@id\":\"https:\/\/comitedesfetes-stdenisenval.fr\/#website\"},\"datePublished\":\"2024-08-29T08:59:04+00:00\",\"dateModified\":\"2024-08-29T18:42:12+00:00\",\"breadcrumb\":{\"@id\":\"https:\/\/comitedesfetes-stdenisenval.fr\/?p=350#breadcrumb\"},\"inLanguage\":\"fr-FR\",\"potentialAction\":[{\"@type\":\"ReadAction\",\"target\":[\"https:\/\/comitedesfetes-stdenisenval.fr\/?p=350\"]}]},{\"@type\":\"BreadcrumbList\",\"@id\":\"https:\/\/comitedesfetes-stdenisenval.fr\/?p=350#breadcrumb\",\"itemListElement\":[{\"@type\":\"ListItem\",\"position\":1,\"name\":\"Accueil\",\"item\":\"https:\/\/comitedesfetes-stdenisenval.fr\/\"},{\"@type\":\"ListItem\",\"position\":2,\"name\":\"F\u00eate de la St Denis.\"}]},{\"@type\":\"WebSite\",\"@id\":\"https:\/\/comitedesfetes-stdenisenval.fr\/#website\",\"url\":\"https:\/\/comitedesfetes-stdenisenval.fr\/\",\"name\":\"Comit\u00e9 des f\u00eates de Saint-Denis en Val\",\"description\":\"\",\"publisher\":{\"@id\":\"https:\/\/comitedesfetes-stdenisenval.fr\/#organization\"},\"potentialAction\":[{\"@type\":\"SearchAction\",\"target\":{\"@type\":\"EntryPoint\",\"urlTemplate\":\"https:\/\/comitedesfetes-stdenisenval.fr\/?s={search_term_string}\"},\"query-input\":\"required name=search_term_string\"}],\"inLanguage\":\"fr-FR\"},{\"@type\":\"Organization\",\"@id\":\"https:\/\/comitedesfetes-stdenisenval.fr\/#organization\",\"name\":\"Comit\u00e9 des f\u00eates de Saint-Denis en Val\",\"url\":\"https:\/\/comitedesfetes-stdenisenval.fr\/\",\"logo\":{\"@type\":\"ImageObject\",\"inLanguage\":\"fr-FR\",\"@id\":\"https:\/\/comitedesfetes-stdenisenval.fr\/#\/schema\/logo\/image\/\",\"url\":\"https:\/\/comitedesfetes-stdenisenval.fr\/wp-content\/uploads\/2023\/03\/cropped-cropped-logo_cdf_stdenis.jpg\",\"contentUrl\":\"https:\/\/comitedesfetes-stdenisenval.fr\/wp-content\/uploads\/2023\/03\/cropped-cropped-logo_cdf_stdenis.jpg\",\"width\":390,\"height\":384,\"caption\":\"Comit\u00e9 des f\u00eates de Saint-Denis en Val\"},\"image\":{\"@id\":\"https:\/\/comitedesfetes-stdenisenval.fr\/#\/schema\/logo\/image\/\"}},{\"@type\":\"Person\",\"@id\":\"https:\/\/comitedesfetes-stdenisenval.fr\/#\/schema\/person\/7f9af41cfff10c53562fec0ca872ce5b\",\"name\":\"Jean-Marie Tripot\",\"image\":{\"@type\":\"ImageObject\",\"inLanguage\":\"fr-FR\",\"@id\":\"https:\/\/comitedesfetes-stdenisenval.fr\/#\/schema\/person\/image\/\",\"url\":\"https:\/\/secure.gravatar.com\/avatar\/397dc1e8a09b082b18e8623e95dc397044313bdf0774f0c1cabb6568db43f0ce?s=96&d=mm&r=g\",\"contentUrl\":\"https:\/\/secure.gravatar.com\/avatar\/397dc1e8a09b082b18e8623e95dc397044313bdf0774f0c1cabb6568db43f0ce?s=96&d=mm&r=g\",\"caption\":\"Jean-Marie Tripot\"},\"url\":\"https:\/\/comitedesfetes-stdenisenval.fr\/?author=3\"}]}<\/script>\n<!-- \/ Yoast SEO plugin. -->","yoast_head_json":{"title":"F\u00eate de la St Denis. - Comit\u00e9 des f\u00eates de Saint-Denis en Val","robots":{"index":"index","follow":"follow","max-snippet":"max-snippet:-1","max-image-preview":"max-image-preview:large","max-video-preview":"max-video-preview:-1"},"canonical":"https:\/\/comitedesfetes-stdenisenval.fr\/?p=350","og_locale":"fr_FR","og_type":"article","og_title":"F\u00eate de la St Denis. - Comit\u00e9 des f\u00eates de Saint-Denis en Val","og_description":"Organisation du vide greniers : Le r\u00e8glement du vide grenier, ainsi que le bulletin d&rsquo;inscription se trouvent ci-dessous. (Cliquez sur le titre pour acc\u00e9der aux documents.) Inscriptions aux permanences du Comit\u00e9 \u00e0 la grange, rue de la Morpoix, voir les dates et horaires sur le r\u00e8glement int\u00e9rieur.","og_url":"https:\/\/comitedesfetes-stdenisenval.fr\/?p=350","og_site_name":"Comit\u00e9 des f\u00eates de Saint-Denis en Val","article_published_time":"2024-08-29T08:59:04+00:00","article_modified_time":"2024-08-29T18:42:12+00:00","author":"Jean-Marie Tripot","twitter_card":"summary_large_image","twitter_misc":{"\u00c9crit par":"Jean-Marie Tripot","Dur\u00e9e de lecture estim\u00e9e":"1 minute"},"schema":{"@context":"https:\/\/schema.org","@graph":[{"@type":"Article","@id":"https:\/\/comitedesfetes-stdenisenval.fr\/?p=350#article","isPartOf":{"@id":"https:\/\/comitedesfetes-stdenisenval.fr\/?p=350"},"author":{"name":"Jean-Marie Tripot","@id":"https:\/\/comitedesfetes-stdenisenval.fr\/#\/schema\/person\/7f9af41cfff10c53562fec0ca872ce5b"},"headline":"F\u00eate de la St Denis.","datePublished":"2024-08-29T08:59:04+00:00","dateModified":"2024-08-29T18:42:12+00:00","mainEntityOfPage":{"@id":"https:\/\/comitedesfetes-stdenisenval.fr\/?p=350"},"wordCount":67,"publisher":{"@id":"https:\/\/comitedesfetes-stdenisenval.fr\/#organization"},"articleSection":["actualit\u00e9s","agenda"],"inLanguage":"fr-FR"},{"@type":"WebPage","@id":"https:\/\/comitedesfetes-stdenisenval.fr\/?p=350","url":"https:\/\/comitedesfetes-stdenisenval.fr\/?p=350","name":"F\u00eate de la St Denis. - Comit\u00e9 des f\u00eates de Saint-Denis en Val","isPartOf":{"@id":"https:\/\/comitedesfetes-stdenisenval.fr\/#website"},"datePublished":"2024-08-29T08:59:04+00:00","dateModified":"2024-08-29T18:42:12+00:00","breadcrumb":{"@id":"https:\/\/comitedesfetes-stdenisenval.fr\/?p=350#breadcrumb"},"inLanguage":"fr-FR","potentialAction":[{"@type":"ReadAction","target":["https:\/\/comitedesfetes-stdenisenval.fr\/?p=350"]}]},{"@type":"BreadcrumbList","@id":"https:\/\/comitedesfetes-stdenisenval.fr\/?p=350#breadcrumb","itemListElement":[{"@type":"ListItem","position":1,"name":"Accueil","item":"https:\/\/comitedesfetes-stdenisenval.fr\/"},{"@type":"ListItem","position":2,"name":"F\u00eate de la St Denis."}]},{"@type":"WebSite","@id":"https:\/\/comitedesfetes-stdenisenval.fr\/#website","url":"https:\/\/comitedesfetes-stdenisenval.fr\/","name":"Comit\u00e9 des f\u00eates de Saint-Denis en Val","description":"","publisher":{"@id":"https:\/\/comitedesfetes-stdenisenval.fr\/#organization"},"potentialAction":[{"@type":"SearchAction","target":{"@type":"EntryPoint","urlTemplate":"https:\/\/comitedesfetes-stdenisenval.fr\/?s={search_term_string}"},"query-input":"required name=search_term_string"}],"inLanguage":"fr-FR"},{"@type":"Organization","@id":"https:\/\/comitedesfetes-stdenisenval.fr\/#organization","name":"Comit\u00e9 des f\u00eates de Saint-Denis en Val","url":"https:\/\/comitedesfetes-stdenisenval.fr\/","logo":{"@type":"ImageObject","inLanguage":"fr-FR","@id":"https:\/\/comitedesfetes-stdenisenval.fr\/#\/schema\/logo\/image\/","url":"https:\/\/comitedesfetes-stdenisenval.fr\/wp-content\/uploads\/2023\/03\/cropped-cropped-logo_cdf_stdenis.jpg","contentUrl":"https:\/\/comitedesfetes-stdenisenval.fr\/wp-content\/uploads\/2023\/03\/cropped-cropped-logo_cdf_stdenis.jpg","width":390,"height":384,"caption":"Comit\u00e9 des f\u00eates de Saint-Denis en Val"},"image":{"@id":"https:\/\/comitedesfetes-stdenisenval.fr\/#\/schema\/logo\/image\/"}},{"@type":"Person","@id":"https:\/\/comitedesfetes-stdenisenval.fr\/#\/schema\/person\/7f9af41cfff10c53562fec0ca872ce5b","name":"Jean-Marie Tripot","image":{"@type":"ImageObject","inLanguage":"fr-FR","@id":"https:\/\/comitedesfetes-stdenisenval.fr\/#\/schema\/person\/image\/","url":"https:\/\/secure.gravatar.com\/avatar\/397dc1e8a09b082b18e8623e95dc397044313bdf0774f0c1cabb6568db43f0ce?s=96&d=mm&r=g","contentUrl":"https:\/\/secure.gravatar.com\/avatar\/397dc1e8a09b082b18e8623e95dc397044313bdf0774f0c1cabb6568db43f0ce?s=96&d=mm&r=g","caption":"Jean-Marie Tripot"},"url":"https:\/\/comitedesfetes-stdenisenval.fr\/?author=3"}]}},"_links":{"self":[{"href":"https:\/\/comitedesfetes-stdenisenval.fr\/index.php?rest_route=\/wp\/v2\/posts\/350","targetHints":{"allow":["GET"]}}],"collection":[{"href":"https:\/\/comitedesfetes-stdenisenval.fr\/index.php?rest_route=\/wp\/v2\/posts"}],"about":[{"href":"https:\/\/comitedesfetes-stdenisenval.fr\/index.php?rest_route=\/wp\/v2\/types\/post"}],"author":[{"embeddable":true,"href":"https:\/\/comitedesfetes-stdenisenval.fr\/index.php?rest_route=\/wp\/v2\/users\/3"}],"replies":[{"embeddable":true,"href":"https:\/\/comitedesfetes-stdenisenval.fr\/index.php?rest_route=%2Fwp%2Fv2%2Fcomments&post=350"}],"version-history":[{"count":3,"href":"https:\/\/comitedesfetes-stdenisenval.fr\/index.php?rest_route=\/wp\/v2\/posts\/350\/revisions"}],"predecessor-version":[{"id":359,"href":"https:\/\/comitedesfetes-stdenisenval.fr\/index.php?rest_route=\/wp\/v2\/posts\/350\/revisions\/359"}],"wp:attachment":[{"href":"https:\/\/comitedesfetes-stdenisenval.fr\/index.php?rest_route=%2Fwp%2Fv2%2Fmedia&parent=350"}],"wp:term":[{"taxonomy":"category","embeddable":true,"href":"https:\/\/comitedesfetes-stdenisenval.fr\/index.php?rest_route=%2Fwp%2Fv2%2Fcategories&post=350"},{"taxonomy":"post_tag","embeddable":true,"href":"https:\/\/comitedesfetes-stdenisenval.fr\/index.php?rest_route=%2Fwp%2Fv2%2Ftags&post=350"}],"curies":[{"name":"wp","href":"https:\/\/api.w.org\/{rel}","templated":true}]}}